{"id":2562,"date":"2026-03-03T17:35:49","date_gmt":"2026-03-03T17:35:49","guid":{"rendered":"https:\/\/%s.facilita.al.gov.br\/home\/?p=2562"},"modified":"2026-03-03T17:47:11","modified_gmt":"2026-03-03T17:47:11","slug":"pao-de-acucar-completa-172-anos-de-historia-com-1-167-empresas-com-registro-ativo-aponta-juceal","status":"publish","type":"post","link":"https:\/\/www.facilita.al.gov.br\/home\/pao-de-acucar-completa-172-anos-de-historia-com-1-167-empresas-com-registro-ativo-aponta-juceal\/","title":{"rendered":"P\u00e3o de A\u00e7\u00facar completa 172 anos de hist\u00f3ria com 1.167 empresas com registro ativo, aponta Juceal"},"content":{"rendered":"<p class=\"text-black font-18 mt-0 pt-0\">Entidade respons\u00e1vel pelas aberturas, altera\u00e7\u00f5es e baixas empresariais no estado divulga balan\u00e7o sobre o munic\u00edpio<\/p>\n<p><strong>Hotton Machado \/ Ascom Juceal<br \/>\n<\/strong><strong>Foto: Thiago Sampaio (Galeria Falcon Barros)<\/strong><\/p>\n<p>P\u00e3o de A\u00e7\u00facar completa, nesta ter\u00e7a-feira (03), 172 anos de emancipa\u00e7\u00e3o pol\u00edtica. De acordo com a Junta Comercial do Estado de Alagoas (Juceal), a cidade sertaneja possui atualmente 1.167 empresas com registro ativo.<\/p>\n<p>Segundo a Junta Comercial, comp\u00f5em o ambiente de neg\u00f3cios do munic\u00edpio 600 microempreendedores individuais (MEI), 503 microempresas (ME), 34 empresas de pequeno porte (EPP) e 30 neg\u00f3cios considerados sem porte.<\/p>\n<p>O n\u00famero total tamb\u00e9m pode ser subdividido de acordo com as naturezas jur\u00eddicas de registro da Junta Comercial. Dessa forma, na cidade, existem 1.038 empres\u00e1rios individuais, 120 sociedades limitadas, 6 cooperativas, 2 empresas p\u00fablicas e 1 empresa de economia mista.<\/p>\n<p>Analisando as atividades econ\u00f4micas mais encontradas, as se\u00e7\u00f5es que apresentam maiores n\u00fameros de empresas registradas s\u00e3o com\u00e9rcio (551 empreendimentos); alojamento e alimenta\u00e7\u00e3o (143); transporte, armazenagem e correio (97); ind\u00fastrias de transforma\u00e7\u00e3o (74); constru\u00e7\u00e3o (68); outras atividades de servi\u00e7os (52); e atividades administrativas e servi\u00e7os complementares (49).<\/p>\n<p>De forma micro, observando os c\u00f3digos de atividade empresariais, os maiores valores s\u00e3o registrados para as empresas que exercem:<\/p>\n<p>\u00b7\u00a0\u00a0\u00a0\u00a0\u00a0\u00a0\u00a0\u00a0\u00a0Minimercados, mercearias e armaz\u00e9ns (125 empreendimentos);<\/p>\n<p>\u00b7\u00a0\u00a0\u00a0\u00a0\u00a0\u00a0\u00a0\u00a0\u00a0Com\u00e9rcio varejista de artigos do vestu\u00e1rio (102);<\/p>\n<p>\u00b7\u00a0\u00a0\u00a0\u00a0\u00a0\u00a0\u00a0\u00a0\u00a0Lanchonetes (46);<\/p>\n<p>\u00b7\u00a0\u00a0\u00a0\u00a0\u00a0\u00a0\u00a0\u00a0\u00a0Restaurantes (41);<\/p>\n<p>\u00b7\u00a0\u00a0\u00a0\u00a0\u00a0\u00a0\u00a0\u00a0\u00a0Com\u00e9rcio varejista de bebidas (31);<\/p>\n<p>\u00b7\u00a0\u00a0\u00a0\u00a0\u00a0\u00a0\u00a0\u00a0\u00a0Cabeleireiros, manicure e pedicure (30);<\/p>\n<p>\u00b7\u00a0\u00a0\u00a0\u00a0\u00a0\u00a0\u00a0\u00a0\u00a0Servi\u00e7o de t\u00e1xi (28);<\/p>\n<p>\u00b7\u00a0\u00a0\u00a0\u00a0\u00a0\u00a0\u00a0\u00a0\u00a0Transporte escolar (26)<\/p>\n<p>\u00b7\u00a0\u00a0\u00a0\u00a0\u00a0\u00a0\u00a0\u00a0\u00a0Com\u00e9rcio varejista de cosm\u00e9ticos e produtos de higiene pessoal (24);<\/p>\n<p>\u00b7\u00a0\u00a0\u00a0\u00a0\u00a0\u00a0\u00a0\u00a0\u00a0Com\u00e9rcio a varejo de pe\u00e7as e acess\u00f3rios novos para motocicletas (22);<\/p>\n<p>\u00b7\u00a0\u00a0\u00a0\u00a0\u00a0\u00a0\u00a0\u00a0\u00a0Constru\u00e7\u00e3o de edif\u00edcios (2);<\/p>\n<p>\u00b7\u00a0\u00a0\u00a0\u00a0\u00a0\u00a0\u00a0\u00a0\u00a0Com\u00e9rcio varejista de materiais de constru\u00e7\u00e3o (16);<\/p>\n<p>\u00b7\u00a0\u00a0\u00a0\u00a0\u00a0\u00a0\u00a0\u00a0\u00a0Promo\u00e7\u00e3o de vendas (16);<\/p>\n<p>\u00b7\u00a0\u00a0\u00a0\u00a0\u00a0\u00a0\u00a0\u00a0\u00a0Com\u00e9rcio varejista de hortifrutigranjeiros (14);<\/p>\n<p>\u00b7\u00a0\u00a0\u00a0\u00a0\u00a0\u00a0\u00a0\u00a0\u00a0Com\u00e9rcio varejista especializado de equipamentos de telefonia (14).<\/p>\n<p>Ainda de acordo com a Juceal, a empresa situada em P\u00e3o de A\u00e7\u00facar com registro mais antigo \u00e9 o empres\u00e1rio individual Ozeias P. Gomes &#8211; Representa\u00e7\u00f5es, constitu\u00edda em 16 de maio de 1975.<\/p>\n<p><b>Sobre a Juceal<\/b><\/p>\n<p>A Junta Comercial \u00e9 a entidade estadual respons\u00e1vel pelas aberturas, altera\u00e7\u00f5es e baixas empresariais, al\u00e9m de ser a integradora da Rede Nacional Para Simplifica\u00e7\u00e3o do Registro e da Legaliza\u00e7\u00e3o de Empresas e Neg\u00f3cios (Redesim) em Alagoas.<\/p>\n","protected":false},"excerpt":{"rendered":"<p>Entidade respons\u00e1vel pelas aberturas, altera\u00e7\u00f5es e baixas empresariais no estado divulga balan\u00e7o sobre o munic\u00edpio Hotton Machado \/ Ascom Juceal Foto: Thiago Sampaio (Galeria Falcon Barros) P\u00e3o de A\u00e7\u00facar completa, nesta ter\u00e7a-feira (03), 172 anos de emancipa\u00e7\u00e3o pol\u00edtica. De acordo com a Junta Comercial do Estado de Alagoas (Juceal), a cidade sertaneja possui atualmente 1.167 [&hellip;]<\/p>\n","protected":false},"author":2,"featured_media":2563,"comment_status":"closed","ping_status":"closed","sticky":false,"template":"","format":"standard","meta":{"_acf_changed":false,"footnotes":""},"categories":[4],"tags":[60,75,55,56,74],"class_list":["post-2562","post","type-post","status-publish","format-standard","has-post-thumbnail","hentry","category-blog","tag-alagoas","tag-aniversario-pao-de-acucar","tag-juceal","tag-junta-comercial-de-alagoas","tag-pao-de-acucar"],"acf":[],"_links":{"self":[{"href":"https:\/\/www.facilita.al.gov.br\/home\/wp-json\/wp\/v2\/posts\/2562","targetHints":{"allow":["GET"]}}],"collection":[{"href":"https:\/\/www.facilita.al.gov.br\/home\/wp-json\/wp\/v2\/posts"}],"about":[{"href":"https:\/\/www.facilita.al.gov.br\/home\/wp-json\/wp\/v2\/types\/post"}],"author":[{"embeddable":true,"href":"https:\/\/www.facilita.al.gov.br\/home\/wp-json\/wp\/v2\/users\/2"}],"replies":[{"embeddable":true,"href":"https:\/\/www.facilita.al.gov.br\/home\/wp-json\/wp\/v2\/comments?post=2562"}],"version-history":[{"count":0,"href":"https:\/\/www.facilita.al.gov.br\/home\/wp-json\/wp\/v2\/posts\/2562\/revisions"}],"wp:featuredmedia":[{"embeddable":true,"href":"https:\/\/www.facilita.al.gov.br\/home\/wp-json\/wp\/v2\/media\/2563"}],"wp:attachment":[{"href":"https:\/\/www.facilita.al.gov.br\/home\/wp-json\/wp\/v2\/media?parent=2562"}],"wp:term":[{"taxonomy":"category","embeddable":true,"href":"https:\/\/www.facilita.al.gov.br\/home\/wp-json\/wp\/v2\/categories?post=2562"},{"taxonomy":"post_tag","embeddable":true,"href":"https:\/\/www.facilita.al.gov.br\/home\/wp-json\/wp\/v2\/tags?post=2562"}],"curies":[{"name":"wp","href":"https:\/\/api.w.org\/{rel}","templated":true}]}}