{"id":2601,"date":"2026-03-11T17:05:29","date_gmt":"2026-03-11T17:05:29","guid":{"rendered":"https:\/\/%s.facilita.al.gov.br\/home\/?p=2601"},"modified":"2026-03-12T17:10:26","modified_gmt":"2026-03-12T17:10:26","slug":"nova-edicao-do-workshop-do-registro-empresarial-acontece-amanha","status":"publish","type":"post","link":"https:\/\/www.facilita.al.gov.br\/home\/nova-edicao-do-workshop-do-registro-empresarial-acontece-amanha\/","title":{"rendered":"Nova edi\u00e7\u00e3o do Workshop do Registro Empresarial acontece amanh\u00e3"},"content":{"rendered":"<p>Evento ser\u00e1 sediado na Junta Comercial e contar\u00e1 com transmiss\u00e3o ao vivo<\/p>\n<p>Hotton Machado\/ Foto: Mayara Tolezi<\/p>\n<p>&nbsp;<\/p>\n<p>A nova edi\u00e7\u00e3o do Workshop do Registro Empresarial, evento promovido pela Junta Comercial do Estado de Alagoas (Juceal), vai acontecer nesta quinta-feira (12). Ambientado na sede da Juceal, situada em Macei\u00f3, o workshop est\u00e1 programado para ser iniciado \u00e0s 9h e contar\u00e1 com transmiss\u00e3o ao vivo.<\/p>\n<p>&nbsp;<\/p>\n<p>Com o tema cooperativas, o evento contou com as vagas presenciais totalmente preenchidas. Por outro lado, a capacita\u00e7\u00e3o poder\u00e1 ser assistida por meio da live que ser\u00e1 exibida pelo perfil da Juceal no Instagram (@juntacomercial_al).<\/p>\n<p><img loading=\"lazy\" decoding=\"async\" class=\"alignnone size-full wp-image-2573\" src=\"https:\/\/%s.facilita.al.gov.br\/home\/wp-content\/uploads\/2026\/03\/juceal-abre-inscricoes-para-workshop-sobre-processos-relacionados-a-cooperativas-2.png\" alt=\"\" width=\"2800\" height=\"1698\" \/><\/p>\n<p>Entre os assuntos envolvendo as cooperativas, ser\u00e3o abordados os andamentos necess\u00e1rios no Portal Facilita Alagoas, os principais documentos e formalidades exigidas, al\u00e9m de orienta\u00e7\u00f5es em rela\u00e7\u00e3o aos processos referentes a assembleia de constitui\u00e7\u00e3o, estatuto social, assembleia geral ordin\u00e1ria (AGO), assembleia geral extraordin\u00e1ria (AGE) e assembleia especial.<\/p>\n<p>&nbsp;<\/p>\n<p>A nova edi\u00e7\u00e3o do workshop conta com apoio da Secretaria de Estado do Desenvolvimento, Ind\u00fastria, Com\u00e9rcio e Servi\u00e7os (Sedics), da Organiza\u00e7\u00e3o das Cooperativas Brasileiras no Estado de Alagoas (OCB-AL), do Servi\u00e7o Nacional de Aprendizagem do Cooperativismo no Estado de Alagoas (Sescoop\/AL), do Conselho Regional de Contabilidade de Alagoas (CRC\/AL) e da Uni\u00e3o Nacional das Cooperativas da Agricultura Familiar e Economia Solid\u00e1ria de Alagoas (Unicafes Alagoas).<\/p>\n<p>&nbsp;<\/p>\n<p>&nbsp;<\/p>\n<p>&nbsp;<\/p>\n","protected":false},"excerpt":{"rendered":"<p>Evento ser\u00e1 sediado na Junta Comercial e contar\u00e1 com transmiss\u00e3o ao vivo Hotton Machado\/ Foto: Mayara Tolezi &nbsp; A nova edi\u00e7\u00e3o do Workshop do Registro Empresarial, evento promovido pela Junta Comercial do Estado de Alagoas (Juceal), vai acontecer nesta quinta-feira (12). Ambientado na sede da Juceal, situada em Macei\u00f3, o workshop est\u00e1 programado para ser [&hellip;]<\/p>\n","protected":false},"author":2,"featured_media":2602,"comment_status":"closed","ping_status":"closed","sticky":false,"template":"","format":"standard","meta":{"_acf_changed":false,"footnotes":""},"categories":[4],"tags":[60,67,66,10,55,56,38,90],"class_list":["post-2601","post","type-post","status-publish","format-standard","has-post-thumbnail","hentry","category-blog","tag-alagoas","tag-cooperativas","tag-cooperativismo","tag-gov-pi-empresas","tag-juceal","tag-junta-comercial-de-alagoas","tag-redesim","tag-workshop-registro-empresarial"],"acf":[],"_links":{"self":[{"href":"https:\/\/www.facilita.al.gov.br\/home\/wp-json\/wp\/v2\/posts\/2601","targetHints":{"allow":["GET"]}}],"collection":[{"href":"https:\/\/www.facilita.al.gov.br\/home\/wp-json\/wp\/v2\/posts"}],"about":[{"href":"https:\/\/www.facilita.al.gov.br\/home\/wp-json\/wp\/v2\/types\/post"}],"author":[{"embeddable":true,"href":"https:\/\/www.facilita.al.gov.br\/home\/wp-json\/wp\/v2\/users\/2"}],"replies":[{"embeddable":true,"href":"https:\/\/www.facilita.al.gov.br\/home\/wp-json\/wp\/v2\/comments?post=2601"}],"version-history":[{"count":0,"href":"https:\/\/www.facilita.al.gov.br\/home\/wp-json\/wp\/v2\/posts\/2601\/revisions"}],"wp:featuredmedia":[{"embeddable":true,"href":"https:\/\/www.facilita.al.gov.br\/home\/wp-json\/wp\/v2\/media\/2602"}],"wp:attachment":[{"href":"https:\/\/www.facilita.al.gov.br\/home\/wp-json\/wp\/v2\/media?parent=2601"}],"wp:term":[{"taxonomy":"category","embeddable":true,"href":"https:\/\/www.facilita.al.gov.br\/home\/wp-json\/wp\/v2\/categories?post=2601"},{"taxonomy":"post_tag","embeddable":true,"href":"https:\/\/www.facilita.al.gov.br\/home\/wp-json\/wp\/v2\/tags?post=2601"}],"curies":[{"name":"wp","href":"https:\/\/api.w.org\/{rel}","templated":true}]}}