{"id":2607,"date":"2026-03-12T17:13:47","date_gmt":"2026-03-12T17:13:47","guid":{"rendered":"https:\/\/%s.facilita.al.gov.br\/home\/?p=2607"},"modified":"2026-03-12T17:14:01","modified_gmt":"2026-03-12T17:14:01","slug":"em-evento-de-inovacao-juceal-e-sebrae-al-orientam-empresarios-sobre-a-formalizacao-de-negocios","status":"publish","type":"post","link":"https:\/\/www.facilita.al.gov.br\/home\/em-evento-de-inovacao-juceal-e-sebrae-al-orientam-empresarios-sobre-a-formalizacao-de-negocios\/","title":{"rendered":"Em evento de inova\u00e7\u00e3o, Juceal e Sebrae\/AL orientam empres\u00e1rios sobre a formaliza\u00e7\u00e3o de neg\u00f3cios"},"content":{"rendered":"<p>Encontro re\u00fane empreendedores e especialistas com foco na inova\u00e7\u00e3o no ambiente de neg\u00f3cios<\/p>\n<p>&nbsp;<\/p>\n<p>J\u00falia Lins\/ Ascom Juceal<\/p>\n<p>&nbsp;<\/p>\n<p>Sanar d\u00favidas por parte dos empreendedores e garantir mais seguran\u00e7a jur\u00eddica na hora de abrir um neg\u00f3cio. Foi com esses intuitos que a Junta Comercial do Estado de Alagoas (Juceal) participou da edi\u00e7\u00e3o do m\u00eas do Caf\u00e9 Tech, evento promovido pelo Servi\u00e7o de Apoio \u00e0s Micro e Pequenas Empresas de Alagoas (Sebrae\/AL) em parceria com Incubadora de Empresas de Alagoas (Incubal), da Universidade Federal de Alagoas.<\/p>\n<p>&nbsp;<\/p>\n<p>A palestra ocorreu nessa quarta-feira (11), na sede do Sebrae\/AL e reuniu o p\u00fablico empreendedor para debater tend\u00eancias e fortalecer o ambiente de neg\u00f3cios alagoano. Na ocasi\u00e3o, o gerente do suporte ao Portal Facilita Alagoas, Jadson Ramos, destacou a trajet\u00f3ria da Juceal como um dos \u00f3rg\u00e3os mais antigos de Alagoas e apresentou o momento atual da autarquia.<\/p>\n<p>&nbsp;<\/p>\n<p>\u201cAgrade\u00e7o a rica oportunidade e o momento de troca que tivemos. Iniciativas como essas s\u00e3o fundamentais para conduzir novos empreendedores e fortalecer o ambiente de neg\u00f3cios em Alagoas\u201d, destacou.<\/p>\n<p><img decoding=\"async\" class=\"aligncenter\" src=\"https:\/\/www.juceal.al.gov.br\/images\/imgNoticias\/120326site2.png\" \/><\/p>\n<p>&nbsp;<\/p>\n<p>Para a gerente da Incubal, Patr\u00edcia Brand\u00e3o, orientar os novos empreendedores \u00e9 uma forma de fomentar a inova\u00e7\u00e3o e a economia local.<\/p>\n<p>\u201c\u00c9 muito importante momentos como esses porque tem muitas empresas e propostas que derivam de pesquisadores, ent\u00e3o eles conhecem muito bem o produto, o processo, o desenvolver, o fazer, a ci\u00eancia, mas quando passa para uma parte mais administrativa e burocr\u00e1tica, muitas vezes eles ficam perdidos. Ent\u00e3o, um momento desse, onde a gente tem um representante da Juceal para explicar a import\u00e2ncia e como se abre uma empresa \u00e9 fundamental para que eles consigam formalizar e conciliar o neg\u00f3cio deles mais adiante\u201d, explicou.<\/p>\n<p>Al\u00e9m da Juceal e do Sebrae\/AL, o Caf\u00e9 Tech conta com o apoio da Secretaria de Estado da Ci\u00eancia, da Tecnologia e da Inova\u00e7\u00e3o (Secti), do Instituto Euvaldo Lodi Alagoas (IEL\/AL).<\/p>\n<p><img decoding=\"async\" class=\"aligncenter\" src=\"https:\/\/www.juceal.al.gov.br\/images\/imgNoticias\/120326site3.png\" \/><\/p>\n","protected":false},"excerpt":{"rendered":"<p>Encontro re\u00fane empreendedores e especialistas com foco na inova\u00e7\u00e3o no ambiente de neg\u00f3cios &nbsp; J\u00falia Lins\/ Ascom Juceal &nbsp; Sanar d\u00favidas por parte dos empreendedores e garantir mais seguran\u00e7a jur\u00eddica na hora de abrir um neg\u00f3cio. Foi com esses intuitos que a Junta Comercial do Estado de Alagoas (Juceal) participou da edi\u00e7\u00e3o do m\u00eas do [&hellip;]<\/p>\n","protected":false},"author":2,"featured_media":2608,"comment_status":"closed","ping_status":"closed","sticky":false,"template":"","format":"standard","meta":{"_acf_changed":false,"footnotes":""},"categories":[4],"tags":[6,95,92,93,55,56,57,91,94],"class_list":["post-2607","post","type-post","status-publish","format-standard","has-post-thumbnail","hentry","category-blog","tag-ambiente-de-negocios","tag-cafe-tech","tag-capaticacao","tag-incubal","tag-juceal","tag-junta-comercial-de-alagoas","tag-portal-facilita-alagoas","tag-sebrae","tag-ufal"],"acf":[],"_links":{"self":[{"href":"https:\/\/www.facilita.al.gov.br\/home\/wp-json\/wp\/v2\/posts\/2607","targetHints":{"allow":["GET"]}}],"collection":[{"href":"https:\/\/www.facilita.al.gov.br\/home\/wp-json\/wp\/v2\/posts"}],"about":[{"href":"https:\/\/www.facilita.al.gov.br\/home\/wp-json\/wp\/v2\/types\/post"}],"author":[{"embeddable":true,"href":"https:\/\/www.facilita.al.gov.br\/home\/wp-json\/wp\/v2\/users\/2"}],"replies":[{"embeddable":true,"href":"https:\/\/www.facilita.al.gov.br\/home\/wp-json\/wp\/v2\/comments?post=2607"}],"version-history":[{"count":0,"href":"https:\/\/www.facilita.al.gov.br\/home\/wp-json\/wp\/v2\/posts\/2607\/revisions"}],"wp:featuredmedia":[{"embeddable":true,"href":"https:\/\/www.facilita.al.gov.br\/home\/wp-json\/wp\/v2\/media\/2608"}],"wp:attachment":[{"href":"https:\/\/www.facilita.al.gov.br\/home\/wp-json\/wp\/v2\/media?parent=2607"}],"wp:term":[{"taxonomy":"category","embeddable":true,"href":"https:\/\/www.facilita.al.gov.br\/home\/wp-json\/wp\/v2\/categories?post=2607"},{"taxonomy":"post_tag","embeddable":true,"href":"https:\/\/www.facilita.al.gov.br\/home\/wp-json\/wp\/v2\/tags?post=2607"}],"curies":[{"name":"wp","href":"https:\/\/api.w.org\/{rel}","templated":true}]}}