{"id":2611,"date":"2026-03-12T19:06:03","date_gmt":"2026-03-12T19:06:03","guid":{"rendered":"https:\/\/%s.facilita.al.gov.br\/home\/?p=2611"},"modified":"2026-03-12T19:08:53","modified_gmt":"2026-03-12T19:08:53","slug":"com-workshop-juceal-reune-profissionais-e-fortalece-cooperativas-alagoanas","status":"publish","type":"post","link":"https:\/\/www.facilita.al.gov.br\/home\/com-workshop-juceal-reune-profissionais-e-fortalece-cooperativas-alagoanas\/","title":{"rendered":"Com workshop, Juceal re\u00fane profissionais e fortalece cooperativas alagoanas"},"content":{"rendered":"<p>Encontro reuniu contadores, advogados e representantes de entidades ligadas \u00e0s cooperativas visando a diminui\u00e7\u00e3o de erros por parte dos clientes<\/p>\n<p>Julia Lins\/ Ascom Juceal<br \/>\nFotos: Mayara Tolezi<\/p>\n<p>Com foco na diminui\u00e7\u00e3o de erros por parte dos profissionais que lidam com o registro de cooperativas, a Junta Comercial do Estado de Alagoas (Juceal) promoveu, nesta quinta-feira (12), uma nova edi\u00e7\u00e3o do Workshop de Registro Empresarial. Ambientado na sede da Juceal, o encontro reuniu contadores, advogados e representantes de entidades ligadas \u00e0s cooperativas, onde foram apresentadas as principais exig\u00eancias legais e erros mais recorrentes que influem na agilidade da an\u00e1lise dos processos empresariais.<\/p>\n<p><img decoding=\"async\" class=\"alignnone\" src=\"https:\/\/alagoas.al.gov.br\/imagens\/conteudos\/juceal-reune-profissionais-e-fortalece-cooperativas-alagoanas-em-workshop.jpeg\" \/><\/p>\n<p>O encontro foi iniciado com destaque para a nova interface do Portal Facilita Alagoas e suas funcionalidades. O portal \u00e9 o sistema respons\u00e1vel pelo registro e pelo licenciamento de empresas no estado. Nele, foi apresentado o andamento referente \u00e0s cooperativas, sendo utilizado como exemplo o evento de reelei\u00e7\u00e3o de conselho de administra\u00e7\u00e3o.<\/p>\n<p>Al\u00e9m disso, foi feito um estudo com os erros mais recorrentes por parte dos clientes. Dentre eles, destaca-se o registro da ata da assembleia de fundadores, que deve constar nacionalidade, idade, estado civil e profiss\u00e3o. Na ata, ainda deve constar a aprova\u00e7\u00e3o do estatuto social da cooperativa e a elei\u00e7\u00e3o dos \u00f3rg\u00e3os de administra\u00e7\u00e3o com a devida qualifica\u00e7\u00e3o dos eleitos.<\/p>\n<p>\u201cEste \u00e9 um dia de grande import\u00e2ncia, tanto para a Junta Comercial quanto para voc\u00eas, contadores, especialmente no que diz respeito ao cooperativismo, um dos focos atuais do Governo do Estado. Acredito que contadores e empres\u00e1rios veem a Junta Comercial como um apoio e valorizam a intera\u00e7\u00e3o conosco. Costumo dizer que o cliente \u00e9 a figura primordial. Portanto, para n\u00f3s, voc\u00eas, profissionais, s\u00e3o prioridades, pois voc\u00eas atendem aos empres\u00e1rios, que impulsionam o desenvolvimento do estado de Alagoas\u201d, destacou o vice-presidente da Juceal, Carlos Ara\u00fajo, ao abrir o encontro.<\/p>\n<p><img decoding=\"async\" class=\"aligncenter\" src=\"https:\/\/www.juceal.al.gov.br\/images\/imgNoticias\/120326site8.png\" \/><\/p>\n<p>Outra quest\u00e3o abordada foi o estatuto social. O estatuto da cooperativa precisa conter uma s\u00e9rie de informa\u00e7\u00f5es espec\u00edficas, conforme estabelecido no artigo 21 da lei federal n\u00ba 5.764\/1971. Estes requisitos incluem a denomina\u00e7\u00e3o, a sede, a \u00e1rea de atua\u00e7\u00e3o e o objeto social. Recomenda-se, portanto, que, ao elaborar o estatuto, seja consultado o artigo 21 da lei para especificar cada item e seus respectivos componentes de modo a garantir que as informa\u00e7\u00f5es sejam completas e precisas.<\/p>\n<p>No segundo momento, os representantes da Juceal promoveram uma roda de conversa com os participantes para sanar d\u00favidas espec\u00edficas, onde os pr\u00f3prios clientes enviaram as perguntas tanto pela transmiss\u00e3o online quanto presencialmente.<\/p>\n<p><strong>Presen\u00e7as no workshop<\/strong><\/p>\n<p>Durante o Workshop de Registro Empresarial, o superintendente do Servi\u00e7o Nacional de Aprendizagem do Cooperativismo em Alagoas (Sescoop\/AL), Adalberon S\u00e1 Junior, Adalberon S\u00e1 J\u00fanior, enalteceu a aproxima\u00e7\u00e3o da Juceal com os profissionais de cooperativismo.<\/p>\n<p>\u201c\u00c9 com grande satisfa\u00e7\u00e3o que parabenizo a Junta Comercial. Este workshop representa uma valiosa oportunidade para aprimorar as habilidades dos profissionais que atuam nos registros das cooperativas. Reconhecemos que, ao nos unirmos em um ambiente de colabora\u00e7\u00e3o, como prop\u00f5e esta iniciativa, podemos superar os desafios que se apresentam. Neste sentido, destaco a import\u00e2ncia da iniciativa conjunta, especialmente em rela\u00e7\u00e3o ao desenvolvimento do cooperativismo\u201d, frisou.<\/p>\n<p><img decoding=\"async\" class=\"aligncenter\" src=\"https:\/\/www.juceal.al.gov.br\/images\/imgNoticias\/120326site10.png\" \/><\/p>\n<p>Para o presidente do Sindicato e Organiza\u00e7\u00e3o das Cooperativas Brasileiras no estado de Alagoas (OCB\/AL), Dyego Correia, essa representa\u00e7\u00e3o, dentro do pr\u00f3prio Governo estadual, demonstra o compromisso do Governo com o desenvolvimento do setor cooperativista, um setor que precisa ser impulsionado.<\/p>\n<p>\u201cEstamos aqui, portanto, para compreender e apoiar a a\u00e7\u00e3o da Junta Comercial, que consideramos valiosa e para desburocratizar os processos a fim de que as cooperativas tenham acesso facilitado e que haja uma avalia\u00e7\u00e3o precisa da situa\u00e7\u00e3o. Faremos o poss\u00edvel para simplificar os procedimentos e estreitar os caminhos. Parab\u00e9ns a todos\u201d, refor\u00e7ou.<\/p>\n<p>Focado nos usu\u00e1rios, o workshop recebeu elogios dos profissionais que lidam com o registro de cooperativas. Esse foi o caso de Deliene Cavalcante. Contadora, a profissional elogiou a atua\u00e7\u00e3o da Juceal e garantiu que participar\u00e1 de outras edi\u00e7\u00f5es do treinamento.<\/p>\n<p>\u201cEste momento \u00e9 prop\u00edcio para a troca de conhecimentos, o compartilhamento de experi\u00eancias e o estreitamento das rela\u00e7\u00f5es entre os contadores e a Junta Comercial. Manifesto meus votos para que iniciativas como esta se repitam e gostaria de ressaltar a parceria valiosa que a Juceal tem demonstrado com os profissionais da contabilidade. Destaco a excepcionalidade deste movimento da Junta Comercial em transformar seus servi\u00e7os, tornando-os \u00e1geis, eficientes e transparentes\u201d, exaltou.<\/p>\n<p>A nova edi\u00e7\u00e3o do evento ocorreu gra\u00e7as \u00e0 parceria com a Sedics, a OCB-AL, o Servi\u00e7o Nacional de Aprendizagem do Cooperativismo no Estado de Alagoas (Sescoop\/AL), o Conselho Regional de Contabilidade de Alagoas (CRC\/AL) e a Uni\u00e3o Nacional das Cooperativas da Agricultura Familiar e Economia Solid\u00e1ria de Alagoas (Unicafes Alagoas).<\/p>\n<p><img decoding=\"async\" class=\"aligncenter\" src=\"https:\/\/www.juceal.al.gov.br\/images\/imgNoticias\/120326site5.png\" \/><\/p>\n<p><img decoding=\"async\" class=\"aligncenter\" src=\"https:\/\/www.juceal.al.gov.br\/images\/imgNoticias\/120326site6.png\" \/><\/p>\n<p><img decoding=\"async\" class=\"aligncenter\" src=\"https:\/\/www.juceal.al.gov.br\/images\/imgNoticias\/120326site7.png\" \/><\/p>\n<p><img decoding=\"async\" class=\"aligncenter\" src=\"https:\/\/www.juceal.al.gov.br\/images\/imgNoticias\/120326site11.png\" \/><\/p>\n<p><img decoding=\"async\" class=\"aligncenter\" src=\"https:\/\/www.juceal.al.gov.br\/images\/imgNoticias\/120326site12.png\" \/><\/p>\n<p><img decoding=\"async\" class=\"aligncenter\" src=\"https:\/\/www.juceal.al.gov.br\/images\/imgNoticias\/120326site9.png\" \/><img decoding=\"async\" class=\"aligncenter\" src=\"https:\/\/www.juceal.al.gov.br\/images\/imgNoticias\/120326site13.png\" \/><\/p>\n","protected":false},"excerpt":{"rendered":"<p>Encontro reuniu contadores, advogados e representantes de entidades ligadas \u00e0s cooperativas visando a diminui\u00e7\u00e3o de erros por parte dos clientes Julia Lins\/ Ascom Juceal Fotos: Mayara Tolezi Com foco na diminui\u00e7\u00e3o de erros por parte dos profissionais que lidam com o registro de cooperativas, a Junta Comercial do Estado de Alagoas (Juceal) promoveu, nesta quinta-feira [&hellip;]<\/p>\n","protected":false},"author":2,"featured_media":2612,"comment_status":"closed","ping_status":"closed","sticky":false,"template":"","format":"standard","meta":{"_acf_changed":false,"footnotes":""},"categories":[4],"tags":[60,67,66,55,56,58,57,38,96],"class_list":["post-2611","post","type-post","status-publish","format-standard","has-post-thumbnail","hentry","category-blog","tag-alagoas","tag-cooperativas","tag-cooperativismo","tag-juceal","tag-junta-comercial-de-alagoas","tag-maceio","tag-portal-facilita-alagoas","tag-redesim","tag-workshop-cooperativas"],"acf":[],"_links":{"self":[{"href":"https:\/\/www.facilita.al.gov.br\/home\/wp-json\/wp\/v2\/posts\/2611","targetHints":{"allow":["GET"]}}],"collection":[{"href":"https:\/\/www.facilita.al.gov.br\/home\/wp-json\/wp\/v2\/posts"}],"about":[{"href":"https:\/\/www.facilita.al.gov.br\/home\/wp-json\/wp\/v2\/types\/post"}],"author":[{"embeddable":true,"href":"https:\/\/www.facilita.al.gov.br\/home\/wp-json\/wp\/v2\/users\/2"}],"replies":[{"embeddable":true,"href":"https:\/\/www.facilita.al.gov.br\/home\/wp-json\/wp\/v2\/comments?post=2611"}],"version-history":[{"count":0,"href":"https:\/\/www.facilita.al.gov.br\/home\/wp-json\/wp\/v2\/posts\/2611\/revisions"}],"wp:featuredmedia":[{"embeddable":true,"href":"https:\/\/www.facilita.al.gov.br\/home\/wp-json\/wp\/v2\/media\/2612"}],"wp:attachment":[{"href":"https:\/\/www.facilita.al.gov.br\/home\/wp-json\/wp\/v2\/media?parent=2611"}],"wp:term":[{"taxonomy":"category","embeddable":true,"href":"https:\/\/www.facilita.al.gov.br\/home\/wp-json\/wp\/v2\/categories?post=2611"},{"taxonomy":"post_tag","embeddable":true,"href":"https:\/\/www.facilita.al.gov.br\/home\/wp-json\/wp\/v2\/tags?post=2611"}],"curies":[{"name":"wp","href":"https:\/\/api.w.org\/{rel}","templated":true}]}}