{"id":2658,"date":"2026-04-23T12:23:20","date_gmt":"2026-04-23T12:23:20","guid":{"rendered":"https:\/\/www.facilita.al.gov.br\/home\/?p=2658"},"modified":"2026-04-24T15:00:41","modified_gmt":"2026-04-24T15:00:41","slug":"novo-presidente-da-juceal-reafirma-compromisso-pela-desburocratizacao-do-ambiente-de-negocios-de-al","status":"publish","type":"post","link":"https:\/\/www.facilita.al.gov.br\/home\/novo-presidente-da-juceal-reafirma-compromisso-pela-desburocratizacao-do-ambiente-de-negocios-de-al\/","title":{"rendered":"Novo presidente da Juceal reafirma compromisso pela desburocratiza\u00e7\u00e3o do ambiente de neg\u00f3cios de AL"},"content":{"rendered":"<p style=\"text-align: center\">Thiago Braga Calheiros comandou a reuni\u00e3o plen\u00e1ria de abril, promovida nesta quinta (23)<\/p>\n<p>Hotton Machado\/ Fotos: J\u00falia Lins<\/p>\n<p>Durante a reuni\u00e3o plen\u00e1ria de abril, promovida nesta quinta-feira (23), na sede da Junta Comercial do Estado de Alagoas (Juceal), o novo presidente da Juceal, Thiago Braga Calheiros, reafirmou o compromisso em dar sequ\u00eancia aos trabalhos desempenhados pela autarquia e foco ainda maior na desburocratiza\u00e7\u00e3o do ambiente alagoano de neg\u00f3cios.<\/p>\n<p>Antigo gerente administrativo da entidade, o novo gestor assumiu a lideran\u00e7a da Junta Comercial no dia 1\u00ba de abril ressaltando as a\u00e7\u00f5es da Rede Nacional para a Simplifica\u00e7\u00e3o do Registro e da Legaliza\u00e7\u00e3o de Empresas e Neg\u00f3cios (Redesim) no estado que est\u00e3o em andamento.<\/p>\n<p><img decoding=\"async\" class=\"aligncenter\" src=\"https:\/\/www.juceal.al.gov.br\/images\/imgNoticias\/230426site.png\" \/><\/p>\n<p>\u201cPrimeiro, queria agradecer a oportunidade, sempre \u00e9 um cargo de extrema import\u00e2ncia e por isso venho reafirmar aqui o meu compromisso com a entidade e com todos que integram a Junta Comercial. Registro que n\u00e3o ser\u00e1 uma presid\u00eancia em que eu atuarei isoladamente, eu precisarei da contribui\u00e7\u00e3o de todos. Ent\u00e3o o meu foco aqui vai ser desburocratizar, tornar o ambiente de neg\u00f3cios muito mais simples para o empresariado e para que a gente tenha um setor produtivo mais eficiente, que \u00e9 a for\u00e7a motriz do estado, sendo os geradores de emprego, renda e riqueza de Alagoas\u201d, frisou.<\/p>\n<p>Entre os assuntos discutidos, foi citada a assinatura do termo de coopera\u00e7\u00e3o entre a Juceal e a Prefeitura de Penedo com intuito de estabelecer as a\u00e7\u00f5es da Redesim fase 2. Com ela, \u00e9 prevista a total cria\u00e7\u00e3o de sistema que integra a\u00e7\u00f5es de emiss\u00e3o e renova\u00e7\u00e3o de licen\u00e7as e alvar\u00e1s, englobando os setores tribut\u00e1rio, sanit\u00e1rio, ambiental e de urbanismo, al\u00e9m da automatiza\u00e7\u00e3o da consulta pr\u00e9via de localiza\u00e7\u00e3o, da comunica\u00e7\u00e3o empresarial em tempo real e do saneamento de dados antigos.<\/p>\n<p><img decoding=\"async\" class=\"aligncenter\" src=\"https:\/\/www.juceal.al.gov.br\/images\/imgNoticias\/230426site3.png\" \/><\/p>\n<p>Na oportunidade, tamb\u00e9m foi citada a mudan\u00e7a de andamento das transforma\u00e7\u00f5es empresariais de registro para o andamento singular especial, o que est\u00e1 em fase de testes e deve ser aplicado em breve.<\/p>\n<p>Entidade respons\u00e1vel pela abertura, pela altera\u00e7\u00e3o e pela baixa de empresas no estado, a Junta Comercial \u00e9 uma entidade que possui forma\u00e7\u00e3o colegiada, na qual o col\u00e9gio de vogais tamb\u00e9m funciona como setor deliberativo superior. Ela conta mensalmente com a realiza\u00e7\u00e3o da reuni\u00e3o plen\u00e1ria, que engloba a diretoria, as ger\u00eancias e o col\u00e9gio de vogais da autarquia.<\/p>\n<p><img decoding=\"async\" class=\"aligncenter\" src=\"https:\/\/www.juceal.al.gov.br\/images\/imgNoticias\/230426site4.png\" \/><\/p>\n","protected":false},"excerpt":{"rendered":"<p>Thiago Braga Calheiros comandou a reuni\u00e3o plen\u00e1ria de abril, promovida nesta quinta (23) Hotton Machado\/ Fotos: J\u00falia Lins Durante a reuni\u00e3o plen\u00e1ria de abril, promovida nesta quinta-feira (23), na sede da Junta Comercial do Estado de Alagoas (Juceal), o novo presidente da Juceal, Thiago Braga Calheiros, reafirmou o compromisso em dar sequ\u00eancia aos trabalhos desempenhados [&hellip;]<\/p>\n","protected":false},"author":2,"featured_media":2659,"comment_status":"closed","ping_status":"closed","sticky":false,"template":"","format":"standard","meta":{"_acf_changed":false,"footnotes":""},"categories":[4],"tags":[6,61,10,55,56,38,70,69],"class_list":["post-2658","post","type-post","status-publish","format-standard","has-post-thumbnail","hentry","category-blog","tag-ambiente-de-negocios","tag-desburocratizacao","tag-gov-pi-empresas","tag-juceal","tag-junta-comercial-de-alagoas","tag-redesim","tag-redesim2","tag-reuniao-plenaria"],"acf":[],"_links":{"self":[{"href":"https:\/\/www.facilita.al.gov.br\/home\/wp-json\/wp\/v2\/posts\/2658","targetHints":{"allow":["GET"]}}],"collection":[{"href":"https:\/\/www.facilita.al.gov.br\/home\/wp-json\/wp\/v2\/posts"}],"about":[{"href":"https:\/\/www.facilita.al.gov.br\/home\/wp-json\/wp\/v2\/types\/post"}],"author":[{"embeddable":true,"href":"https:\/\/www.facilita.al.gov.br\/home\/wp-json\/wp\/v2\/users\/2"}],"replies":[{"embeddable":true,"href":"https:\/\/www.facilita.al.gov.br\/home\/wp-json\/wp\/v2\/comments?post=2658"}],"version-history":[{"count":2,"href":"https:\/\/www.facilita.al.gov.br\/home\/wp-json\/wp\/v2\/posts\/2658\/revisions"}],"predecessor-version":[{"id":2671,"href":"https:\/\/www.facilita.al.gov.br\/home\/wp-json\/wp\/v2\/posts\/2658\/revisions\/2671"}],"wp:featuredmedia":[{"embeddable":true,"href":"https:\/\/www.facilita.al.gov.br\/home\/wp-json\/wp\/v2\/media\/2659"}],"wp:attachment":[{"href":"https:\/\/www.facilita.al.gov.br\/home\/wp-json\/wp\/v2\/media?parent=2658"}],"wp:term":[{"taxonomy":"category","embeddable":true,"href":"https:\/\/www.facilita.al.gov.br\/home\/wp-json\/wp\/v2\/categories?post=2658"},{"taxonomy":"post_tag","embeddable":true,"href":"https:\/\/www.facilita.al.gov.br\/home\/wp-json\/wp\/v2\/tags?post=2658"}],"curies":[{"name":"wp","href":"https:\/\/api.w.org\/{rel}","templated":true}]}}