{"id":2688,"date":"2026-04-29T15:06:52","date_gmt":"2026-04-29T15:06:52","guid":{"rendered":"https:\/\/www.facilita.al.gov.br\/home\/?p=2688"},"modified":"2026-04-29T15:06:52","modified_gmt":"2026-04-29T15:06:52","slug":"juceal-inicia-inscricoes-para-evento-sobre-balanco-patrimonial-e-livro-contabil","status":"publish","type":"post","link":"https:\/\/www.facilita.al.gov.br\/home\/juceal-inicia-inscricoes-para-evento-sobre-balanco-patrimonial-e-livro-contabil\/","title":{"rendered":"Juceal inicia inscri\u00e7\u00f5es para evento sobre balan\u00e7o patrimonial e livro cont\u00e1bil"},"content":{"rendered":"<p>Workshop do Registro Empresarial acontecer\u00e1 no dia 14 de maio, a partir das 9h, na sede da Junta Comercial<\/p>\n<p>Hotton Machado\/ Fotos: Mayara Tolezi<\/p>\n<p>A Junta Comercial do Estado de Alagoas (Juceal) abriu, nesta quinta-feira (29), as inscri\u00e7\u00f5es para a nova edi\u00e7\u00e3o do Workshop do Registro Empresarial, que, desta vez, ter\u00e1 como tema o registro de balan\u00e7o patrimonial e livros cont\u00e1beis. O evento est\u00e1 programado para acontecer no dia 14 de maio, a partir das 9h, na sede da Juceal, em Macei\u00f3.<\/p>\n<p>As vagas para o workshop s\u00e3o limitadas e podem ser feitas por meio do link:\u00a0<a href=\"https:\/\/docs.google.com\/forms\/d\/e\/1FAIpQLScqbqijd10dosn3VeMTbdDAXbI8kb5Q0_u8eyp5FfQZKD-mlA\/viewform?usp=header\">Workshop do Registro Empresarial \u2013 Balan\u00e7o Patrimonial e Livro Cont\u00e1bil<\/a>. Para aqueles que n\u00e3o conseguirem fazer a inscri\u00e7\u00e3o, o evento tamb\u00e9m contar\u00e1 com transmiss\u00e3o online por meio das redes sociais da Junta Comercial.<\/p>\n<p>\u201cEstamos dando sequ\u00eancia a esse evento que \u00e9 focado em diminuir os erros nos processos e, assim, aumentar a efici\u00eancia por parte dos nossos clientes e tamb\u00e9m por parte da Juceal. Esses s\u00e3o processos muito utilizados em licita\u00e7\u00f5es, ent\u00e3o \u00e9 algo que \u00e9 tema recorrente de d\u00favidas. Por isso os clientes n\u00e3o podem deixar a inscri\u00e7\u00e3o para \u00faltima hora, porque as vagas s\u00e3o poucas e se encerram rapidamente\u201d, frisa o presidente da Juceal, Thiago Braga Calheiros.<\/p>\n<p><img decoding=\"async\" class=\"aligncenter\" src=\"https:\/\/www.juceal.al.gov.br\/images\/imgNoticias\/290426site2.png\" \/><\/p>\n<p>O balan\u00e7o \u00e9 demonstra\u00e7\u00e3o cont\u00e1bil destinada a evidenciar, qualitativa e quantitativamente, a posi\u00e7\u00e3o financeira de uma empresa, sendo utilizado, por exemplo, em licita\u00e7\u00f5es p\u00fablicas a fim de facilitar o conhecimento e a an\u00e1lise da situa\u00e7\u00e3o financeira empresarial. Ele \u00e9 parte integrante do livro cont\u00e1bil di\u00e1rio, que possui registro conforme o exerc\u00edcio anual.<\/p>\n<p>Al\u00e9m de explicar o que s\u00e3o os servi\u00e7os, o workshop contar\u00e1 com apresenta\u00e7\u00e3o sobre o andamento no Portal Facilita Alagoas, as principais formalidades exigidas e os erros mais vistos.<\/p>\n<p>Gratuito, o evento \u00e9 direcionado para contadores, advogados, profissionais que lidam com o registro de empresas e estudantes. Para ele, ser\u00e1 emitido certificado de participa\u00e7\u00e3o inclusive dos presentes de forma online.<\/p>\n","protected":false},"excerpt":{"rendered":"<p>Workshop do Registro Empresarial acontecer\u00e1 no dia 14 de maio, a partir das 9h, na sede da Junta Comercial Hotton Machado\/ Fotos: Mayara Tolezi A Junta Comercial do Estado de Alagoas (Juceal) abriu, nesta quinta-feira (29), as inscri\u00e7\u00f5es para a nova edi\u00e7\u00e3o do Workshop do Registro Empresarial, que, desta vez, ter\u00e1 como tema o registro [&hellip;]<\/p>\n","protected":false},"author":2,"featured_media":2689,"comment_status":"closed","ping_status":"closed","sticky":false,"template":"","format":"standard","meta":{"_acf_changed":false,"footnotes":""},"categories":[4],"tags":[55,56,57,38,78,125,90],"class_list":["post-2688","post","type-post","status-publish","format-standard","has-post-thumbnail","hentry","category-blog","tag-juceal","tag-junta-comercial-de-alagoas","tag-portal-facilita-alagoas","tag-redesim","tag-workshop","tag-workshop-balanco-patrimonial-e-livro-contanbil","tag-workshop-registro-empresarial"],"acf":[],"_links":{"self":[{"href":"https:\/\/www.facilita.al.gov.br\/home\/wp-json\/wp\/v2\/posts\/2688","targetHints":{"allow":["GET"]}}],"collection":[{"href":"https:\/\/www.facilita.al.gov.br\/home\/wp-json\/wp\/v2\/posts"}],"about":[{"href":"https:\/\/www.facilita.al.gov.br\/home\/wp-json\/wp\/v2\/types\/post"}],"author":[{"embeddable":true,"href":"https:\/\/www.facilita.al.gov.br\/home\/wp-json\/wp\/v2\/users\/2"}],"replies":[{"embeddable":true,"href":"https:\/\/www.facilita.al.gov.br\/home\/wp-json\/wp\/v2\/comments?post=2688"}],"version-history":[{"count":1,"href":"https:\/\/www.facilita.al.gov.br\/home\/wp-json\/wp\/v2\/posts\/2688\/revisions"}],"predecessor-version":[{"id":2690,"href":"https:\/\/www.facilita.al.gov.br\/home\/wp-json\/wp\/v2\/posts\/2688\/revisions\/2690"}],"wp:featuredmedia":[{"embeddable":true,"href":"https:\/\/www.facilita.al.gov.br\/home\/wp-json\/wp\/v2\/media\/2689"}],"wp:attachment":[{"href":"https:\/\/www.facilita.al.gov.br\/home\/wp-json\/wp\/v2\/media?parent=2688"}],"wp:term":[{"taxonomy":"category","embeddable":true,"href":"https:\/\/www.facilita.al.gov.br\/home\/wp-json\/wp\/v2\/categories?post=2688"},{"taxonomy":"post_tag","embeddable":true,"href":"https:\/\/www.facilita.al.gov.br\/home\/wp-json\/wp\/v2\/tags?post=2688"}],"curies":[{"name":"wp","href":"https:\/\/api.w.org\/{rel}","templated":true}]}}